{"id":31517,"date":"2026-01-27T12:01:46","date_gmt":"2026-01-27T11:01:46","guid":{"rendered":"https:\/\/www.unither-pharma.biz\/construcao-de-uma-nova-unidade-industrial-em-gannat\/"},"modified":"2026-01-27T12:01:46","modified_gmt":"2026-01-27T11:01:46","slug":"construcao-de-uma-nova-unidade-industrial-em-gannat","status":"publish","type":"post","link":"https:\/\/www.unither-pharma.biz\/pt-br\/construcao-de-uma-nova-unidade-industrial-em-gannat\/","title":{"rendered":"Constru\u00e7\u00e3o de uma nova unidade industrial em Gannat"},"content":{"rendered":"<div class=\"flex flex-col text-sm pb-25\">\n<article class=\"text-token-text-primary w-full focus:outline-none [--shadow-height:45px] has-data-writing-block:pointer-events-none has-data-writing-block:-mt-(--shadow-height) has-data-writing-block:pt-(--shadow-height) [&amp;:has([data-writing-block])&gt;*]:pointer-events-auto scroll-mt-[calc(var(--header-height)+min(200px,max(70px,20svh)))]\" dir=\"auto\" tabindex=\"-1\" data-turn-id=\"ae6abcf1-f07f-4ff5-a876-ede05182d4fa\" data-testid=\"conversation-turn-38\" data-scroll-anchor=\"true\" data-turn=\"assistant\">\n<div class=\"text-base my-auto mx-auto pb-10 [--thread-content-margin:--spacing(4)] @w-sm\/main:[--thread-content-margin:--spacing(6)] @w-lg\/main:[--thread-content-margin:--spacing(16)] px-(--thread-content-margin)\">\n<div class=\"[--thread-content-max-width:40rem] @w-lg\/main:[--thread-content-max-width:48rem] mx-auto max-w-(--thread-content-max-width) flex-1 group\/turn-messages focus-visible:outline-hidden relative flex w-full min-w-0 flex-col agent-turn\" tabindex=\"-1\">\n<div class=\"flex max-w-full flex-col grow\">\n<div class=\"min-h-8 text-message relative flex w-full flex-col items-end gap-2 text-start break-words whitespace-normal [.text-message+&amp;]:mt-1\" dir=\"auto\" data-message-author-role=\"assistant\" data-message-id=\"5c3d4aa8-8c05-4f12-896c-7f5750dc9d8f\" data-message-model-slug=\"gpt-5-2\">\n<div class=\"flex w-full flex-col gap-1 empty:hidden first:pt-[1px]\">\n<div class=\"markdown prose dark:prose-invert w-full wrap-break-word light markdown-new-styling\">\n<h2 data-start=\"125\" data-end=\"154\"><strong data-start=\"128\" data-end=\"154\">COMUNICADO DE IMPRENSA<\/strong><\/h2>\n<h3 data-start=\"156\" data-end=\"248\"><strong data-start=\"160\" data-end=\"248\">Unither Pharmaceuticals inicia a constru\u00e7\u00e3o de uma nova unidade industrial em Gannat<\/strong><\/h3>\n<p data-start=\"250\" data-end=\"437\"><strong data-start=\"250\" data-end=\"292\">Gannat (Allier), 22 de janeiro de 2026<\/strong> \u2013 O grupo farmac\u00eautico <strong data-start=\"316\" data-end=\"343\">Unither Pharmaceuticals<\/strong> inicia a constru\u00e7\u00e3o de uma nova unidade industrial em seu site de Gannat (Allier), na Fran\u00e7a.<\/p>\n<p data-start=\"439\" data-end=\"617\">O projeto representa um investimento total de <strong data-start=\"485\" data-end=\"510\">mais de \u20ac 140 milh\u00f5es<\/strong> e permitir\u00e1 a cria\u00e7\u00e3o de <strong data-start=\"536\" data-end=\"569\">133 empregos diretos at\u00e9 2028<\/strong>, chegando a <strong data-start=\"582\" data-end=\"616\">cerca de 250 empregos at\u00e9 2030<\/strong>.<\/p>\n<p data-start=\"619\" data-end=\"844\">A iniciativa tem como objetivo fortalecer as capacidades francesas de produ\u00e7\u00e3o de <strong data-start=\"701\" data-end=\"734\">dispositivos m\u00e9dicos est\u00e9reis<\/strong>, em uma l\u00f3gica de <strong data-start=\"753\" data-end=\"781\">relocaliza\u00e7\u00e3o industrial<\/strong>, <strong data-start=\"783\" data-end=\"806\">soberania sanit\u00e1ria<\/strong> e <strong data-start=\"809\" data-end=\"843\">dinamiza\u00e7\u00e3o econ\u00f4mica regional<\/strong>.<\/p>\n<hr data-start=\"846\" data-end=\"849\" \/>\n<h2 data-start=\"851\" data-end=\"912\"><strong data-start=\"854\" data-end=\"912\">Uma unidade dedicada a tecnologias est\u00e9reis inovadoras<\/strong><\/h2>\n<p data-start=\"914\" data-end=\"961\">A futura unidade ser\u00e1 dedicada \u00e0 fabrica\u00e7\u00e3o de:<\/p>\n<ul data-start=\"963\" data-end=\"1115\">\n<li data-start=\"963\" data-end=\"1047\">\n<p data-start=\"965\" data-end=\"1047\"><strong data-start=\"965\" data-end=\"1012\">Multidoses est\u00e9reis sem conservantes (MDSC)<\/strong>, uma nova atividade para o site;<\/p>\n<\/li>\n<li data-start=\"1048\" data-end=\"1115\">\n<p data-start=\"1050\" data-end=\"1115\"><strong data-start=\"1050\" data-end=\"1114\">Doses unit\u00e1rias est\u00e9reis com tecnologia Blow-Fill-Seal (BFS)<\/strong>.<\/p>\n<\/li>\n<\/ul>\n<p data-start=\"1117\" data-end=\"1137\">O projeto permitir\u00e1:<\/p>\n<ul data-start=\"1139\" data-end=\"1365\">\n<li data-start=\"1139\" data-end=\"1210\">\n<p data-start=\"1141\" data-end=\"1210\">Um <strong data-start=\"1144\" data-end=\"1207\">aumento de 40% na capacidade de produ\u00e7\u00e3o de doses unit\u00e1rias<\/strong>;<\/p>\n<\/li>\n<li data-start=\"1211\" data-end=\"1277\">\n<p data-start=\"1213\" data-end=\"1277\">Uma <strong data-start=\"1217\" data-end=\"1274\">capacidade anual de 30 milh\u00f5es de unidades multidoses<\/strong>;<\/p>\n<\/li>\n<li data-start=\"1278\" data-end=\"1365\">\n<p data-start=\"1280\" data-end=\"1365\">A <strong data-start=\"1282\" data-end=\"1313\">diversifica\u00e7\u00e3o do portf\u00f3lio<\/strong>, especialmente para produtos oft\u00e1lmicos essenciais.<\/p>\n<\/li>\n<\/ul>\n<blockquote data-start=\"1367\" data-end=\"1615\">\n<p data-start=\"1369\" data-end=\"1615\"><em data-start=\"1369\" data-end=\"1534\">\u201cEste investimento est\u00e1 alinhado \u00e0 nossa vis\u00e3o industrial: desenvolver solu\u00e7\u00f5es est\u00e9reis seguras, f\u00e1ceis de usar e acess\u00edveis, para facilitar a vida dos pacientes\u201d<\/em>, declara <strong data-start=\"1544\" data-end=\"1559\">\u00c9ric Goupil<\/strong>, Presidente e Diretor-Geral da Unither Pharmaceuticals.<\/p>\n<\/blockquote>\n<hr data-start=\"1617\" data-end=\"1620\" \/>\n<h2 data-start=\"1622\" data-end=\"1674\"><strong data-start=\"1625\" data-end=\"1674\">Um projeto estruturante para a economia local<\/strong><\/h2>\n<p data-start=\"1676\" data-end=\"1812\">Localizada nas proximidades do site existente, a nova unidade integra um projeto industrial de longo prazo para a regi\u00e3o de Bourbonnais.<\/p>\n<p data-start=\"1814\" data-end=\"1867\">A Unither apoia-se em um ecossistema local que re\u00fane:<\/p>\n<ul data-start=\"1869\" data-end=\"2118\">\n<li data-start=\"1869\" data-end=\"1931\">\n<p data-start=\"1871\" data-end=\"1931\">A <strong data-start=\"1873\" data-end=\"1928\">Comunidade de Comunas Saint-Pour\u00e7ain Sioule Limagne<\/strong>;<\/p>\n<\/li>\n<li data-start=\"1932\" data-end=\"1965\">\n<p data-start=\"1934\" data-end=\"1965\">O <strong data-start=\"1936\" data-end=\"1962\">Departamento de Allier<\/strong>;<\/p>\n<\/li>\n<li data-start=\"1966\" data-end=\"2118\">\n<p data-start=\"1968\" data-end=\"2118\"><strong data-start=\"1968\" data-end=\"2003\">Institui\u00e7\u00f5es de forma\u00e7\u00e3o locais<\/strong> (IMT, APAVE, escolas t\u00e9cnicas), com o objetivo de apoiar o desenvolvimento de compet\u00eancias e o emprego industrial.<\/p>\n<\/li>\n<\/ul>\n<hr data-start=\"2120\" data-end=\"2123\" \/>\n<h2 data-start=\"2125\" data-end=\"2183\"><strong data-start=\"2128\" data-end=\"2183\">Um projeto apoiado pela Regi\u00e3o Auvergne-Rh\u00f4ne-Alpes<\/strong><\/h2>\n<p data-start=\"2185\" data-end=\"2410\">O projeto conta com uma <strong data-start=\"2209\" data-end=\"2238\">subven\u00e7\u00e3o de \u20ac 1,5 milh\u00e3o<\/strong> concedida pela <strong data-start=\"2254\" data-end=\"2285\">Regi\u00e3o Auvergne-Rh\u00f4ne-Alpes<\/strong>, no \u00e2mbito do programa <em data-start=\"2309\" data-end=\"2370\">Pack Relocalisation \u2013 Soutien \u00e0 l\u2019investissement industriel<\/em>, aprovada em <strong data-start=\"2384\" data-end=\"2409\">17 de outubro de 2025<\/strong>.<\/p>\n<hr data-start=\"2412\" data-end=\"2415\" \/>\n<h2 data-start=\"2417\" data-end=\"2473\"><strong data-start=\"2420\" data-end=\"2473\">Parceria industrial para a constru\u00e7\u00e3o do edif\u00edcio<\/strong><\/h2>\n<p data-start=\"2475\" data-end=\"2613\">O projeto e a constru\u00e7\u00e3o do edif\u00edcio foram confiados \u00e0 <strong data-start=\"2530\" data-end=\"2537\">GSE<\/strong>, empresa de contrato geral especializada em projetos industriais complexos.<\/p>\n<p data-start=\"2615\" data-end=\"3011\">O futuro edif\u00edcio, com aproximadamente <strong data-start=\"2654\" data-end=\"2667\">20.000 m\u00b2<\/strong>, contar\u00e1 com <strong data-start=\"2681\" data-end=\"2710\">salas limpas ISO 5, 6 e 7<\/strong>, laborat\u00f3rios, \u00e1reas de armazenamento e escrit\u00f3rios. Atender\u00e1 \u00e0s exig\u00eancias regulat\u00f3rias aplic\u00e1veis a dispositivos m\u00e9dicos e ambientes de produ\u00e7\u00e3o farmac\u00eautica (<strong data-start=\"2872\" data-end=\"2894\">ISO 13485, BPF\/GMP<\/strong>) e incorporar\u00e1 uma abordagem ambiental alinhada \u00e0 norma <strong data-start=\"2951\" data-end=\"2961\">RE2020<\/strong>, incluindo uma <strong data-start=\"2977\" data-end=\"3010\">usina fotovoltaica de 700 kWp<\/strong>.<\/p>\n<blockquote data-start=\"3013\" data-end=\"3301\">\n<p data-start=\"3015\" data-end=\"3301\"><em data-start=\"3015\" data-end=\"3250\">\u201cEste projeto possibilita a implementa\u00e7\u00e3o de uma abordagem ambiental ambiciosa, integrando solu\u00e7\u00f5es de efici\u00eancia energ\u00e9tica e de baixo carbono, ao mesmo tempo em que atende \u00e0s exig\u00eancias rigorosas de um site industrial farmac\u00eautico\u201d<\/em>, destaca <strong data-start=\"3260\" data-end=\"3276\">Li\u00e8s Branche<\/strong>, Diretor da GSE Regi\u00f5es.<\/p>\n<\/blockquote>\n<hr data-start=\"3303\" data-end=\"3306\" \/>\n<h2 data-start=\"3308\" data-end=\"3325\"><strong data-start=\"3311\" data-end=\"3325\">Cronograma<\/strong><\/h2>\n<ul data-start=\"3327\" data-end=\"3512\">\n<li data-start=\"3327\" data-end=\"3366\">\n<p data-start=\"3329\" data-end=\"3366\"><strong data-start=\"3329\" data-end=\"3350\">In\u00edcio das obras:<\/strong> mar\u00e7o de 2025<\/p>\n<\/li>\n<li data-start=\"3367\" data-end=\"3412\">\n<p data-start=\"3369\" data-end=\"3412\"><strong data-start=\"3369\" data-end=\"3393\">Conclus\u00e3o das obras:<\/strong> dezembro de 2026<\/p>\n<\/li>\n<li data-start=\"3413\" data-end=\"3471\">\n<p data-start=\"3415\" data-end=\"3471\"><strong data-start=\"3415\" data-end=\"3452\">In\u00edcio das opera\u00e7\u00f5es industriais:<\/strong> a partir de 2028<\/p>\n<\/li>\n<li data-start=\"3472\" data-end=\"3512\">\n<p data-start=\"3474\" data-end=\"3512\"><strong data-start=\"3474\" data-end=\"3505\">Primeiras comercializa\u00e7\u00f5es:<\/strong> 2029<\/p>\n<\/li>\n<\/ul>\n<hr data-start=\"3514\" data-end=\"3517\" \/>\n<h2 data-start=\"3519\" data-end=\"3557\"><strong data-start=\"3522\" data-end=\"3557\">SOBRE A UNITHER PHARMACEUTICALS<\/strong><\/h2>\n<p data-start=\"3559\" data-end=\"3844\">A <strong data-start=\"3561\" data-end=\"3588\">Unither Pharmaceuticals<\/strong> \u00e9 uma CDMO farmac\u00eautica internacional, especializada no desenvolvimento e na fabrica\u00e7\u00e3o de formula\u00e7\u00f5es l\u00edquidas em <strong data-start=\"3704\" data-end=\"3736\">doses unit\u00e1rias e multidoses<\/strong>, incluindo col\u00edrios, solu\u00e7\u00f5es salinas e medicamentos para asma em doses unit\u00e1rias <strong data-start=\"3819\" data-end=\"3843\">Blow-Fill-Seal (BFS)<\/strong>.<\/p>\n<p data-start=\"3846\" data-end=\"4092\">O grupo emprega <strong data-start=\"3862\" data-end=\"3885\">2.300 colaboradores<\/strong> e conta com <strong data-start=\"3898\" data-end=\"3927\">oito unidades de produ\u00e7\u00e3o<\/strong> na Fran\u00e7a, Estados Unidos, Brasil e China, al\u00e9m de um <strong data-start=\"3982\" data-end=\"4009\">centro de P&amp;D na Fran\u00e7a<\/strong>. Em 2024, a Unither Pharmaceuticals registrou um <strong data-start=\"4059\" data-end=\"4091\">faturamento de \u20ac 522 milh\u00f5es<\/strong>.<\/p>\n<p data-start=\"4094\" data-end=\"4142\">Mais informa\u00e7\u00f5es: <a class=\"decorated-link\" href=\"https:\/\/www.unither-pharma.fr\/\" target=\"_new\" rel=\"noopener\" data-start=\"4112\" data-end=\"4142\">https:\/\/www.unither-pharma.fr\/<\/a><\/p>\n<hr data-start=\"4144\" data-end=\"4147\" \/>\n<h2 data-start=\"4149\" data-end=\"4167\"><strong data-start=\"4152\" data-end=\"4167\">SOBRE A GSE<\/strong><\/h2>\n<p data-start=\"4169\" data-end=\"4444\">Desde sua funda\u00e7\u00e3o em 1976, a <strong data-start=\"4199\" data-end=\"4206\">GSE<\/strong> \u00e9 especialista em im\u00f3veis corporativos. Como contratante geral, a empresa assume a gest\u00e3o completa de projetos de constru\u00e7\u00e3o, desde a prospec\u00e7\u00e3o e qualifica\u00e7\u00e3o de terrenos at\u00e9 o p\u00f3s-obra, incluindo estudos t\u00e9cnicos, concep\u00e7\u00e3o e execu\u00e7\u00e3o.<\/p>\n<p data-start=\"4446\" data-end=\"4745\">A GSE desenvolve edif\u00edcios inteligentes e sustent\u00e1veis nos setores industrial, log\u00edstico e terci\u00e1rio, especialmente por meio de sua oferta de edif\u00edcios eco-respons\u00e1veis <strong data-start=\"4615\" data-end=\"4635\">\u201cThe Blue Suite\u201d<\/strong>. Atua tamb\u00e9m na constru\u00e7\u00e3o de data centers, estacionamentos elevados e em projetos de renova\u00e7\u00e3o de edif\u00edcios.<\/p>\n<p data-start=\"4747\" data-end=\"5073\">Em 2024\/25, a GSE alcan\u00e7ou um <strong data-start=\"4777\" data-end=\"4809\">faturamento de \u20ac 808 milh\u00f5es<\/strong> (encerramento do exerc\u00edcio em 31 de mar\u00e7o). Empresa com status de <strong data-start=\"4876\" data-end=\"4902\">\u201cEntreprise \u00e0 Mission\u201d<\/strong> desde 2023, o grupo conta com <strong data-start=\"4933\" data-end=\"4962\">mais de 600 colaboradores<\/strong>, distribu\u00eddos em <strong data-start=\"4980\" data-end=\"5004\">20 unidades no mundo<\/strong>, presentes em <strong data-start=\"5019\" data-end=\"5041\">7 pa\u00edses da Europa<\/strong> e <strong data-start=\"5044\" data-end=\"5072\">13 localidades na Fran\u00e7a<\/strong>.<\/p>\n<p data-start=\"5075\" data-end=\"5263\">Desde 2019, a GSE integra o <strong data-start=\"5103\" data-end=\"5121\">grupo GOLDBECK<\/strong>, l\u00edder europeu em constru\u00e7\u00e3o turnkey, com faturamento superior a <strong data-start=\"5187\" data-end=\"5202\">\u20ac 6 bilh\u00f5es<\/strong> e cerca de <strong data-start=\"5214\" data-end=\"5238\">12.000 colaboradores<\/strong> em mais de 100 unidades.<\/p>\n<p data-start=\"5265\" data-end=\"5308\">Mais informa\u00e7\u00f5es: <a class=\"decorated-link\" href=\"https:\/\/www.gsegroup.com\/\" target=\"_new\" rel=\"noopener\" data-start=\"5283\" data-end=\"5308\">https:\/\/www.gsegroup.com\/<\/a><\/p>\n<hr data-start=\"5310\" data-end=\"5313\" \/>\n<h2 data-start=\"5315\" data-end=\"5342\"><strong data-start=\"5318\" data-end=\"5342\">CONTATOS DE IMPRENSA<\/strong><\/h2>\n<p data-start=\"5344\" data-end=\"5536\"><strong data-start=\"5344\" data-end=\"5366\">Galivel &amp; Associ\u00e9s<\/strong> \u2013 Carol Galivel \/ Valentin Eynac<br data-start=\"5399\" data-end=\"5402\" \/>21-23, rue Klock \u2013 92110 Clichy \u2013 Fran\u00e7a<br data-start=\"5442\" data-end=\"5445\" \/>Tel.: +33 1 41 05 02 02 | Cel.: +33 6 09 05 48 63<br data-start=\"5494\" data-end=\"5497\" \/><a class=\"decorated-link cursor-pointer\" rel=\"noopener\" data-start=\"5497\" data-end=\"5516\">galivel@galivel.com<\/a> | <a class=\"decorated-link\" href=\"http:\/\/www.galivel.com\" target=\"_new\" rel=\"noopener\" data-start=\"5519\" data-end=\"5534\">www.galivel.com<\/a><\/p>\n<p data-start=\"5538\" data-end=\"5647\"><strong data-start=\"5538\" data-end=\"5545\">GSE<\/strong> \u2013 Adeline Leveque<br data-start=\"5563\" data-end=\"5566\" \/>Gerente de Marketing e Comunica\u00e7\u00e3o<br data-start=\"5600\" data-end=\"5603\" \/><a class=\"decorated-link cursor-pointer\" rel=\"noopener\" data-start=\"5603\" data-end=\"5622\">presse@gsegroup.com<\/a> | <a class=\"decorated-link\" href=\"http:\/\/www.gsegroup.com\/en\/\" target=\"_new\" rel=\"noopener\" data-start=\"5625\" data-end=\"5645\">www.gsegroup.com\/en\/<\/a><\/p>\n<p data-start=\"5649\" data-end=\"5778\" data-is-last-node=\"\" data-is-only-node=\"\"><strong data-start=\"5649\" data-end=\"5676\">Unither Pharmaceuticals<\/strong> \u2013 Elisabeth Alidou<br data-start=\"5695\" data-end=\"5698\" \/>Respons\u00e1vel pela Comunica\u00e7\u00e3o<br data-start=\"5726\" data-end=\"5729\" \/><a class=\"decorated-link cursor-pointer\" rel=\"noopener\" data-start=\"5729\" data-end=\"5753\">press@unither-pharma.com<\/a> | <a class=\"decorated-link\" href=\"https:\/\/www.unither-pharma.biz\" target=\"_new\" rel=\"noopener\" data-start=\"5756\" data-end=\"5778\" data-is-last-node=\"\">www.unither-pharma.com<\/a><\/p>\n<\/div>\n<\/div>\n<\/div>\n<\/div>\n<div class=\"z-0 flex min-h-[46px] justify-start\"><\/div>\n<div class=\"mt-3 w-full empty:hidden\">\n<div class=\"text-center\"><\/div>\n<\/div>\n<\/div>\n<\/div>\n<\/article>\n<\/div>\n<div class=\"pointer-events-none h-px w-px absolute bottom-0\" aria-hidden=\"true\" data-edge=\"true\"><\/div>\n","protected":false},"excerpt":{"rendered":"<p>COMUNICADO DE IMPRENSA Unither Pharmaceuticals inicia a constru\u00e7\u00e3o de uma nova unidade industrial em Gannat Gannat (Allier), 22 de janeiro de 2026 \u2013 O grupo farmac\u00eautico Unither Pharmaceuticals inicia a constru\u00e7\u00e3o de uma nova unidade industrial em seu site de Gannat (Allier), na Fran\u00e7a. O projeto representa um investimento total de mais de \u20ac 140 [&hellip;]<\/p>\n","protected":false},"author":3,"featured_media":31516,"comment_status":"closed","ping_status":"closed","sticky":false,"template":"","format":"standard","meta":{"_acf_changed":false,"footnotes":""},"categories":[147,145],"tags":[],"class_list":["post-31517","post","type-post","status-publish","format-standard","has-post-thumbnail","hentry","category-corporativo","category-noticias-2"],"acf":[],"yoast_head":"<!-- This site is optimized with the Yoast SEO plugin v27.2 - https:\/\/yoast.com\/product\/yoast-seo-wordpress\/ -->\n<title>Constru\u00e7\u00e3o de uma nova unidade industrial em Gannat | Unither<\/title>\n<meta name=\"description\" content=\"Constru\u00e7\u00e3o de uma nova unidade industrial em Gannat | Unither\" \/>\n<meta name=\"robots\" content=\"index, follow, max-snippet:-1, max-image-preview:large, max-video-preview:-1\" \/>\n<link rel=\"canonical\" href=\"https:\/\/www.unither-pharma.biz\/pt-br\/construcao-de-uma-nova-unidade-industrial-em-gannat\/\" \/>\n<meta property=\"og:locale\" content=\"pt_BR\" \/>\n<meta property=\"og:type\" content=\"article\" \/>\n<meta property=\"og:title\" content=\"Constru\u00e7\u00e3o de uma nova unidade industrial em Gannat | Unither\" \/>\n<meta property=\"og:description\" content=\"Constru\u00e7\u00e3o de uma nova unidade industrial em Gannat | Unither\" \/>\n<meta property=\"og:url\" content=\"https:\/\/www.unither-pharma.biz\/pt-br\/construcao-de-uma-nova-unidade-industrial-em-gannat\/\" \/>\n<meta property=\"og:site_name\" content=\"Unither\" \/>\n<meta property=\"article:published_time\" content=\"2026-01-27T11:01:46+00:00\" \/>\n<meta property=\"og:image\" content=\"https:\/\/www.unither-pharma.biz\/wp-content\/uploads\/2026\/01\/DJI_20260122143836_0020_D.jpg\" \/>\n\t<meta property=\"og:image:width\" content=\"806\" \/>\n\t<meta property=\"og:image:height\" content=\"604\" \/>\n\t<meta property=\"og:image:type\" content=\"image\/jpeg\" \/>\n<meta name=\"author\" content=\"Elisabeth Alidou\" \/>\n<meta name=\"twitter:card\" content=\"summary_large_image\" \/>\n<meta name=\"twitter:creator\" content=\"@UnitherPharma\" \/>\n<meta name=\"twitter:site\" content=\"@UnitherPharma\" \/>\n<meta name=\"twitter:label1\" content=\"Escrito por\" \/>\n\t<meta name=\"twitter:data1\" content=\"Elisabeth Alidou\" \/>\n\t<meta name=\"twitter:label2\" content=\"Est. tempo de leitura\" \/>\n\t<meta name=\"twitter:data2\" content=\"4 minutos\" \/>\n<script type=\"application\/ld+json\" class=\"yoast-schema-graph\">{\"@context\":\"https:\/\/schema.org\",\"@graph\":[{\"@type\":\"Article\",\"@id\":\"https:\/\/www.unither-pharma.biz\/pt-br\/construcao-de-uma-nova-unidade-industrial-em-gannat\/#article\",\"isPartOf\":{\"@id\":\"https:\/\/www.unither-pharma.biz\/pt-br\/construcao-de-uma-nova-unidade-industrial-em-gannat\/\"},\"author\":{\"name\":\"Elisabeth Alidou\",\"@id\":\"https:\/\/www.unither-pharma.biz\/pt-br\/#\/schema\/person\/92c63f09914fae2e0882e26551e9d9f1\"},\"headline\":\"Constru\u00e7\u00e3o de uma nova unidade industrial em Gannat\",\"datePublished\":\"2026-01-27T11:01:46+00:00\",\"mainEntityOfPage\":{\"@id\":\"https:\/\/www.unither-pharma.biz\/pt-br\/construcao-de-uma-nova-unidade-industrial-em-gannat\/\"},\"wordCount\":835,\"publisher\":{\"@id\":\"https:\/\/www.unither-pharma.biz\/pt-br\/#organization\"},\"image\":{\"@id\":\"https:\/\/www.unither-pharma.biz\/pt-br\/construcao-de-uma-nova-unidade-industrial-em-gannat\/#primaryimage\"},\"thumbnailUrl\":\"https:\/\/www.unither-pharma.biz\/wp-content\/uploads\/2026\/01\/DJI_20260122143836_0020_D.jpg\",\"articleSection\":[\"Corporativo\",\"Not\u00edcias\"],\"inLanguage\":\"pt-BR\"},{\"@type\":\"WebPage\",\"@id\":\"https:\/\/www.unither-pharma.biz\/pt-br\/construcao-de-uma-nova-unidade-industrial-em-gannat\/\",\"url\":\"https:\/\/www.unither-pharma.biz\/pt-br\/construcao-de-uma-nova-unidade-industrial-em-gannat\/\",\"name\":\"Constru\u00e7\u00e3o de uma nova unidade industrial em Gannat | Unither\",\"isPartOf\":{\"@id\":\"https:\/\/www.unither-pharma.biz\/pt-br\/#website\"},\"primaryImageOfPage\":{\"@id\":\"https:\/\/www.unither-pharma.biz\/pt-br\/construcao-de-uma-nova-unidade-industrial-em-gannat\/#primaryimage\"},\"image\":{\"@id\":\"https:\/\/www.unither-pharma.biz\/pt-br\/construcao-de-uma-nova-unidade-industrial-em-gannat\/#primaryimage\"},\"thumbnailUrl\":\"https:\/\/www.unither-pharma.biz\/wp-content\/uploads\/2026\/01\/DJI_20260122143836_0020_D.jpg\",\"datePublished\":\"2026-01-27T11:01:46+00:00\",\"description\":\"Constru\u00e7\u00e3o de uma nova unidade industrial em Gannat | Unither\",\"breadcrumb\":{\"@id\":\"https:\/\/www.unither-pharma.biz\/pt-br\/construcao-de-uma-nova-unidade-industrial-em-gannat\/#breadcrumb\"},\"inLanguage\":\"pt-BR\",\"potentialAction\":[{\"@type\":\"ReadAction\",\"target\":[\"https:\/\/www.unither-pharma.biz\/pt-br\/construcao-de-uma-nova-unidade-industrial-em-gannat\/\"]}]},{\"@type\":\"ImageObject\",\"inLanguage\":\"pt-BR\",\"@id\":\"https:\/\/www.unither-pharma.biz\/pt-br\/construcao-de-uma-nova-unidade-industrial-em-gannat\/#primaryimage\",\"url\":\"https:\/\/www.unither-pharma.biz\/wp-content\/uploads\/2026\/01\/DJI_20260122143836_0020_D.jpg\",\"contentUrl\":\"https:\/\/www.unither-pharma.biz\/wp-content\/uploads\/2026\/01\/DJI_20260122143836_0020_D.jpg\",\"width\":806,\"height\":604,\"caption\":\"default\"},{\"@type\":\"BreadcrumbList\",\"@id\":\"https:\/\/www.unither-pharma.biz\/pt-br\/construcao-de-uma-nova-unidade-industrial-em-gannat\/#breadcrumb\",\"itemListElement\":[{\"@type\":\"ListItem\",\"position\":1,\"name\":\"Home\",\"item\":\"https:\/\/www.unither-pharma.biz\/pt-br\/\"},{\"@type\":\"ListItem\",\"position\":2,\"name\":\"Constru\u00e7\u00e3o de uma nova unidade industrial em Gannat\"}]},{\"@type\":\"WebSite\",\"@id\":\"https:\/\/www.unither-pharma.biz\/pt-br\/#website\",\"url\":\"https:\/\/www.unither-pharma.biz\/pt-br\/\",\"name\":\"Unither\",\"description\":\"\",\"publisher\":{\"@id\":\"https:\/\/www.unither-pharma.biz\/pt-br\/#organization\"},\"potentialAction\":[{\"@type\":\"SearchAction\",\"target\":{\"@type\":\"EntryPoint\",\"urlTemplate\":\"https:\/\/www.unither-pharma.biz\/pt-br\/?s={search_term_string}\"},\"query-input\":{\"@type\":\"PropertyValueSpecification\",\"valueRequired\":true,\"valueName\":\"search_term_string\"}}],\"inLanguage\":\"pt-BR\"},{\"@type\":\"Organization\",\"@id\":\"https:\/\/www.unither-pharma.biz\/pt-br\/#organization\",\"name\":\"Unither\",\"url\":\"https:\/\/www.unither-pharma.biz\/pt-br\/\",\"logo\":{\"@type\":\"ImageObject\",\"inLanguage\":\"pt-BR\",\"@id\":\"https:\/\/www.unither-pharma.biz\/pt-br\/#\/schema\/logo\/image\/\",\"url\":\"https:\/\/www.unither-pharma.biz\/wp-content\/uploads\/2026\/01\/logo-unither-pharmaceuticals-site-internet.png\",\"contentUrl\":\"https:\/\/www.unither-pharma.biz\/wp-content\/uploads\/2026\/01\/logo-unither-pharmaceuticals-site-internet.png\",\"width\":514,\"height\":252,\"caption\":\"Unither\"},\"image\":{\"@id\":\"https:\/\/www.unither-pharma.biz\/pt-br\/#\/schema\/logo\/image\/\"},\"sameAs\":[\"https:\/\/x.com\/UnitherPharma\",\"https:\/\/www.linkedin.com\/company\/unither-pharmaceuticals\/\",\"https:\/\/www.youtube.com\/channel\/UCHaTbYrnICFU1MiLwNsKjMA\"]},{\"@type\":\"Person\",\"@id\":\"https:\/\/www.unither-pharma.biz\/pt-br\/#\/schema\/person\/92c63f09914fae2e0882e26551e9d9f1\",\"name\":\"Elisabeth Alidou\",\"url\":\"https:\/\/www.unither-pharma.biz\/pt-br\/author\/elisabeth\/\"}]}<\/script>\n<!-- \/ Yoast SEO plugin. -->","yoast_head_json":{"title":"Constru\u00e7\u00e3o de uma nova unidade industrial em Gannat | Unither","description":"Constru\u00e7\u00e3o de uma nova unidade industrial em Gannat | Unither","robots":{"index":"index","follow":"follow","max-snippet":"max-snippet:-1","max-image-preview":"max-image-preview:large","max-video-preview":"max-video-preview:-1"},"canonical":"https:\/\/www.unither-pharma.biz\/pt-br\/construcao-de-uma-nova-unidade-industrial-em-gannat\/","og_locale":"pt_BR","og_type":"article","og_title":"Constru\u00e7\u00e3o de uma nova unidade industrial em Gannat | Unither","og_description":"Constru\u00e7\u00e3o de uma nova unidade industrial em Gannat | Unither","og_url":"https:\/\/www.unither-pharma.biz\/pt-br\/construcao-de-uma-nova-unidade-industrial-em-gannat\/","og_site_name":"Unither","article_published_time":"2026-01-27T11:01:46+00:00","og_image":[{"width":806,"height":604,"url":"https:\/\/www.unither-pharma.biz\/wp-content\/uploads\/2026\/01\/DJI_20260122143836_0020_D.jpg","type":"image\/jpeg"}],"author":"Elisabeth Alidou","twitter_card":"summary_large_image","twitter_creator":"@UnitherPharma","twitter_site":"@UnitherPharma","twitter_misc":{"Escrito por":"Elisabeth Alidou","Est. tempo de leitura":"4 minutos"},"schema":{"@context":"https:\/\/schema.org","@graph":[{"@type":"Article","@id":"https:\/\/www.unither-pharma.biz\/pt-br\/construcao-de-uma-nova-unidade-industrial-em-gannat\/#article","isPartOf":{"@id":"https:\/\/www.unither-pharma.biz\/pt-br\/construcao-de-uma-nova-unidade-industrial-em-gannat\/"},"author":{"name":"Elisabeth Alidou","@id":"https:\/\/www.unither-pharma.biz\/pt-br\/#\/schema\/person\/92c63f09914fae2e0882e26551e9d9f1"},"headline":"Constru\u00e7\u00e3o de uma nova unidade industrial em Gannat","datePublished":"2026-01-27T11:01:46+00:00","mainEntityOfPage":{"@id":"https:\/\/www.unither-pharma.biz\/pt-br\/construcao-de-uma-nova-unidade-industrial-em-gannat\/"},"wordCount":835,"publisher":{"@id":"https:\/\/www.unither-pharma.biz\/pt-br\/#organization"},"image":{"@id":"https:\/\/www.unither-pharma.biz\/pt-br\/construcao-de-uma-nova-unidade-industrial-em-gannat\/#primaryimage"},"thumbnailUrl":"https:\/\/www.unither-pharma.biz\/wp-content\/uploads\/2026\/01\/DJI_20260122143836_0020_D.jpg","articleSection":["Corporativo","Not\u00edcias"],"inLanguage":"pt-BR"},{"@type":"WebPage","@id":"https:\/\/www.unither-pharma.biz\/pt-br\/construcao-de-uma-nova-unidade-industrial-em-gannat\/","url":"https:\/\/www.unither-pharma.biz\/pt-br\/construcao-de-uma-nova-unidade-industrial-em-gannat\/","name":"Constru\u00e7\u00e3o de uma nova unidade industrial em Gannat | Unither","isPartOf":{"@id":"https:\/\/www.unither-pharma.biz\/pt-br\/#website"},"primaryImageOfPage":{"@id":"https:\/\/www.unither-pharma.biz\/pt-br\/construcao-de-uma-nova-unidade-industrial-em-gannat\/#primaryimage"},"image":{"@id":"https:\/\/www.unither-pharma.biz\/pt-br\/construcao-de-uma-nova-unidade-industrial-em-gannat\/#primaryimage"},"thumbnailUrl":"https:\/\/www.unither-pharma.biz\/wp-content\/uploads\/2026\/01\/DJI_20260122143836_0020_D.jpg","datePublished":"2026-01-27T11:01:46+00:00","description":"Constru\u00e7\u00e3o de uma nova unidade industrial em Gannat | Unither","breadcrumb":{"@id":"https:\/\/www.unither-pharma.biz\/pt-br\/construcao-de-uma-nova-unidade-industrial-em-gannat\/#breadcrumb"},"inLanguage":"pt-BR","potentialAction":[{"@type":"ReadAction","target":["https:\/\/www.unither-pharma.biz\/pt-br\/construcao-de-uma-nova-unidade-industrial-em-gannat\/"]}]},{"@type":"ImageObject","inLanguage":"pt-BR","@id":"https:\/\/www.unither-pharma.biz\/pt-br\/construcao-de-uma-nova-unidade-industrial-em-gannat\/#primaryimage","url":"https:\/\/www.unither-pharma.biz\/wp-content\/uploads\/2026\/01\/DJI_20260122143836_0020_D.jpg","contentUrl":"https:\/\/www.unither-pharma.biz\/wp-content\/uploads\/2026\/01\/DJI_20260122143836_0020_D.jpg","width":806,"height":604,"caption":"default"},{"@type":"BreadcrumbList","@id":"https:\/\/www.unither-pharma.biz\/pt-br\/construcao-de-uma-nova-unidade-industrial-em-gannat\/#breadcrumb","itemListElement":[{"@type":"ListItem","position":1,"name":"Home","item":"https:\/\/www.unither-pharma.biz\/pt-br\/"},{"@type":"ListItem","position":2,"name":"Constru\u00e7\u00e3o de uma nova unidade industrial em Gannat"}]},{"@type":"WebSite","@id":"https:\/\/www.unither-pharma.biz\/pt-br\/#website","url":"https:\/\/www.unither-pharma.biz\/pt-br\/","name":"Unither","description":"","publisher":{"@id":"https:\/\/www.unither-pharma.biz\/pt-br\/#organization"},"potentialAction":[{"@type":"SearchAction","target":{"@type":"EntryPoint","urlTemplate":"https:\/\/www.unither-pharma.biz\/pt-br\/?s={search_term_string}"},"query-input":{"@type":"PropertyValueSpecification","valueRequired":true,"valueName":"search_term_string"}}],"inLanguage":"pt-BR"},{"@type":"Organization","@id":"https:\/\/www.unither-pharma.biz\/pt-br\/#organization","name":"Unither","url":"https:\/\/www.unither-pharma.biz\/pt-br\/","logo":{"@type":"ImageObject","inLanguage":"pt-BR","@id":"https:\/\/www.unither-pharma.biz\/pt-br\/#\/schema\/logo\/image\/","url":"https:\/\/www.unither-pharma.biz\/wp-content\/uploads\/2026\/01\/logo-unither-pharmaceuticals-site-internet.png","contentUrl":"https:\/\/www.unither-pharma.biz\/wp-content\/uploads\/2026\/01\/logo-unither-pharmaceuticals-site-internet.png","width":514,"height":252,"caption":"Unither"},"image":{"@id":"https:\/\/www.unither-pharma.biz\/pt-br\/#\/schema\/logo\/image\/"},"sameAs":["https:\/\/x.com\/UnitherPharma","https:\/\/www.linkedin.com\/company\/unither-pharmaceuticals\/","https:\/\/www.youtube.com\/channel\/UCHaTbYrnICFU1MiLwNsKjMA"]},{"@type":"Person","@id":"https:\/\/www.unither-pharma.biz\/pt-br\/#\/schema\/person\/92c63f09914fae2e0882e26551e9d9f1","name":"Elisabeth Alidou","url":"https:\/\/www.unither-pharma.biz\/pt-br\/author\/elisabeth\/"}]}},"_links":{"self":[{"href":"https:\/\/www.unither-pharma.biz\/pt-br\/wp-json\/wp\/v2\/posts\/31517","targetHints":{"allow":["GET"]}}],"collection":[{"href":"https:\/\/www.unither-pharma.biz\/pt-br\/wp-json\/wp\/v2\/posts"}],"about":[{"href":"https:\/\/www.unither-pharma.biz\/pt-br\/wp-json\/wp\/v2\/types\/post"}],"author":[{"embeddable":true,"href":"https:\/\/www.unither-pharma.biz\/pt-br\/wp-json\/wp\/v2\/users\/3"}],"replies":[{"embeddable":true,"href":"https:\/\/www.unither-pharma.biz\/pt-br\/wp-json\/wp\/v2\/comments?post=31517"}],"version-history":[{"count":0,"href":"https:\/\/www.unither-pharma.biz\/pt-br\/wp-json\/wp\/v2\/posts\/31517\/revisions"}],"wp:featuredmedia":[{"embeddable":true,"href":"https:\/\/www.unither-pharma.biz\/pt-br\/wp-json\/wp\/v2\/media\/31516"}],"wp:attachment":[{"href":"https:\/\/www.unither-pharma.biz\/pt-br\/wp-json\/wp\/v2\/media?parent=31517"}],"wp:term":[{"taxonomy":"category","embeddable":true,"href":"https:\/\/www.unither-pharma.biz\/pt-br\/wp-json\/wp\/v2\/categories?post=31517"},{"taxonomy":"post_tag","embeddable":true,"href":"https:\/\/www.unither-pharma.biz\/pt-br\/wp-json\/wp\/v2\/tags?post=31517"}],"curies":[{"name":"wp","href":"https:\/\/api.w.org\/{rel}","templated":true}]}}